{"id":3076,"date":"2025-04-09T21:39:00","date_gmt":"2025-04-09T19:39:00","guid":{"rendered":"https:\/\/kulturmania.hu\/index.php\/2025\/04\/09\/irigy-honaljmirigy-35-jovore-az-mvm-dome-ban\/"},"modified":"2025-04-09T21:40:13","modified_gmt":"2025-04-09T19:40:13","slug":"irigy-honaljmirigy-35-jovore-az-mvm-dome-ban","status":"publish","type":"post","link":"https:\/\/kulturmania.hu\/index.php\/2025\/04\/09\/irigy-honaljmirigy-35-jovore-az-mvm-dome-ban\/","title":{"rendered":"Irigy H\u00f3naljmirigy 35 j\u00f6v\u0151re az MVM Dome-ban"},"content":{"rendered":"\n<p class=\"wp-block-paragraph\"><strong>Harminc\u00f6t\u00f6dik sz\u00fclet\u00e9snapj\u00e1t nagyszab\u00e1s\u00fa koncerttel \u00fcnnepli j\u00f6v\u0151re az Irigy H\u00f3naljmirigy (IHM). A sl\u00e1gereket parodiz\u00e1l\u00f3 zenekar 2026. febru\u00e1r 28-\u00e1n az MVM Dome-ban l\u00e9p fel.<\/strong><\/p>\n\n\n\n<figure class=\"wp-block-image size-large\"><img decoding=\"async\" src=\"https:\/\/pestcentrum.hu\/wp-content\/uploads\/2025\/04\/Budapesti_Multifunkcionalis_Sportcsarnok_2021.10.08-1024x768.jpg\" alt=\"\" class=\"wp-image-29062\"\/><\/figure>\n\n\n\n<p class=\"wp-block-paragraph\">A k\u00e9t\u00f3r\u00e1sra tervezett, Best of Mirigy c\u00edm\u0171 koncerten a nyolctag\u00fa csapat valamennyi ismert dal\u00e1t el\u0151adja a r\u00e1juk jellemz\u0151, apr\u00f3l\u00e9kosan meg\u00e1lmodott l\u00e1tv\u00e1nyvil\u00e1ggal \u00e9s jelmezekkel &#8211; k\u00f6z\u00f6lte a szervez\u0151 Live Nation kedden az MTI-vel.<\/p>\n\n\n\n<p class=\"wp-block-paragraph\">Mint \u00edrt\u00e1k, az Irigy H\u00f3naljmirigy 1990 szilveszter est\u00e9j\u00e9n \u00e1llt \u00f6ssze, hogy par\u00f3di\u00e1kat gy\u00e1rtson a hazai \u00e9s k\u00fclf\u00f6ldi sl\u00e1gerekre. A csapat az az\u00f3ta eltelt \u00e9vtizedek alatt milli\u00f3kat nevettetett meg koncertjein \u00e9s a t\u00e9v\u00e9 k\u00e9perny\u0151j\u00e9n kereszt\u00fcl.<\/p>\n\n\n\n<p class=\"wp-block-paragraph\">Az IHM eddig tizenh\u00e9t lemezt k\u00e9sz\u00edtett, 100 milli\u00f3 feletti let\u00f6lt\u00e9st sz\u00e1ml\u00e1l, t\u00f6bb szakmai \u00e9s k\u00f6z\u00f6ns\u00e9gd\u00edjat vehetett \u00e1t, hetven saj\u00e1t telev\u00edzi\u00f3s showm\u0171sort gy\u00e1rtott, t\u00f6bb ezer fell\u00e9p\u00e9sen van t\u00fal. A Korda Gy\u00f6rgyt\u0151l Majk\u00e1ig a teljes k\u00f6nny\u0171zenei szakm\u00e1t \u00e9rint\u0151 zen\u00e9s par\u00f3di\u00e1ik sz\u00e1ma \u00e1tl\u00e9pte a 750-et.<\/p>\n\n\n\n<p class=\"wp-block-paragraph\">A Kabai L\u00e1szl\u00f3, Moln\u00e1r Imre, Papp Ferenc, Sipos P\u00e9ter, Sipos Tam\u00e1s, Uszk\u00f3 L\u00e1szl\u00f3, Varga Gy\u0151z\u0151 \u00e9s Csarnoki Antal \u00e1ltal alkotott csapat radarj\u00e1n semmilyen felkapott sl\u00e1ger vagy trend nem csusszanhat \u00e1t &#8220;b\u00fcntetlen\u00fcl&#8221;, legyen sz\u00f3 hazai vagy k\u00fclf\u00f6ldi szt\u00e1rokr\u00f3l &#8211; \u00edrt\u00e1k a k\u00f6zlem\u00e9nyben.<\/p>\n\n\n\n<p class=\"wp-block-paragraph\"><strong>2025. \u00e1prilis 1.<\/strong><\/p>\n\n\n\n<p class=\"wp-block-paragraph\"><strong><em>(MTI)<\/em><\/strong><\/p>\n","protected":false},"excerpt":{"rendered":"<p>Harminc\u00f6t\u00f6dik sz\u00fclet\u00e9snapj\u00e1t nagyszab\u00e1s\u00fa koncerttel \u00fcnnepli j\u00f6v\u0151re az Irigy H\u00f3naljmirigy (IHM). A sl\u00e1gereket parodiz\u00e1l\u00f3 zenekar 2026. febru\u00e1r 28-\u00e1n az MVM Dome-ban l\u00e9p fel. A k\u00e9t\u00f3r\u00e1sra tervezett, &#8230; <\/p>\n<p class=\"read-more-container\"><a title=\"Irigy H\u00f3naljmirigy 35 j\u00f6v\u0151re az MVM Dome-ban\" class=\"read-more button\" href=\"https:\/\/kulturmania.hu\/index.php\/2025\/04\/09\/irigy-honaljmirigy-35-jovore-az-mvm-dome-ban\/#more-3076\" aria-label=\"Tov\u00e1bb Irigy H\u00f3naljmirigy 35 j\u00f6v\u0151re az MVM Dome-ban\">Olvass tov\u00e1bb<\/a><\/p>\n","protected":false},"author":4,"featured_media":3077,"comment_status":"closed","ping_status":"closed","sticky":false,"template":"","format":"standard","meta":{"footnotes":""},"categories":[6],"tags":[85,86,87,81,88,82],"class_list":["post-3076","post","type-post","status-publish","format-standard","has-post-thumbnail","hentry","category-program","tag-eloadas","tag-evfordulo","tag-irigy-honaljmirigy","tag-koncert","tag-mvm-dome","tag-program","resize-featured-image"],"distributor_meta":false,"distributor_terms":false,"distributor_media":false,"distributor_original_site_name":"PestCentrum","distributor_original_site_url":"https:\/\/pestcentrum.hu","push-errors":false,"_links":{"self":[{"href":"https:\/\/kulturmania.hu\/index.php\/wp-json\/wp\/v2\/posts\/3076","targetHints":{"allow":["GET"]}}],"collection":[{"href":"https:\/\/kulturmania.hu\/index.php\/wp-json\/wp\/v2\/posts"}],"about":[{"href":"https:\/\/kulturmania.hu\/index.php\/wp-json\/wp\/v2\/types\/post"}],"author":[{"embeddable":true,"href":"https:\/\/kulturmania.hu\/index.php\/wp-json\/wp\/v2\/users\/4"}],"replies":[{"embeddable":true,"href":"https:\/\/kulturmania.hu\/index.php\/wp-json\/wp\/v2\/comments?post=3076"}],"version-history":[{"count":1,"href":"https:\/\/kulturmania.hu\/index.php\/wp-json\/wp\/v2\/posts\/3076\/revisions"}],"predecessor-version":[{"id":3078,"href":"https:\/\/kulturmania.hu\/index.php\/wp-json\/wp\/v2\/posts\/3076\/revisions\/3078"}],"wp:featuredmedia":[{"embeddable":true,"href":"https:\/\/kulturmania.hu\/index.php\/wp-json\/wp\/v2\/media\/3077"}],"wp:attachment":[{"href":"https:\/\/kulturmania.hu\/index.php\/wp-json\/wp\/v2\/media?parent=3076"}],"wp:term":[{"taxonomy":"category","embeddable":true,"href":"https:\/\/kulturmania.hu\/index.php\/wp-json\/wp\/v2\/categories?post=3076"},{"taxonomy":"post_tag","embeddable":true,"href":"https:\/\/kulturmania.hu\/index.php\/wp-json\/wp\/v2\/tags?post=3076"}],"curies":[{"name":"wp","href":"https:\/\/api.w.org\/{rel}","templated":true}]}}