{"id":3090,"date":"2025-04-10T10:45:27","date_gmt":"2025-04-10T08:45:27","guid":{"rendered":"https:\/\/kulturmania.hu\/?p=3090"},"modified":"2025-04-10T10:45:28","modified_gmt":"2025-04-10T08:45:28","slug":"szazotven-kulonleges-mercedest-mutatnak-be-majusban-szegeden","status":"publish","type":"post","link":"https:\/\/kulturmania.hu\/index.php\/2025\/04\/10\/szazotven-kulonleges-mercedest-mutatnak-be-majusban-szegeden\/","title":{"rendered":"Sz\u00e1z\u00f6tven k\u00fcl\u00f6nleges Mercedest mutatnak be m\u00e1jusban Szegeden"},"content":{"rendered":"\n<p class=\"wp-block-paragraph\"><strong>Mintegy sz\u00e1z\u00f6tven k\u00fcl\u00f6nb\u00f6z\u0151 t\u00edpus\u00fa Mercedes-Benz j\u00e1rm\u0171vet vonultat fel az idei Classic Car Show &amp; Expo m\u00e1jus 10-\u00e9n \u00e9s 11-\u00e9n Szegeden &#8211; t\u00e1j\u00e9koztatt\u00e1k a szervez\u0151k cs\u00fct\u00f6rt\u00f6k\u00f6n az MTI-t.<\/strong><\/p>\n\n\n\n<figure class=\"wp-block-image size-large\"><img decoding=\"async\" src=\"https:\/\/pestcentrum.hu\/wp-content\/uploads\/2025\/03\/pexels-vishal-makwana-984383-31040130-1024x682.jpg\" alt=\"\" class=\"wp-image-28200\"\/><\/figure>\n\n\n\n<p class=\"wp-block-paragraph\">A k\u00f6zlem\u00e9ny szerint Magyarorsz\u00e1gon el\u0151sz\u00f6r tavaly csod\u00e1lhatta meg a legend\u00e1s aut\u00f3m\u00e1rka, a Mercedes mintegy sz\u00e1z p\u00e9ld\u00e1ny\u00e1t a k\u00f6z\u00f6ns\u00e9g egy\u00fctt, egy helyen, Szegeden.<\/p>\n\n\n\n<p class=\"wp-block-paragraph\">Az idei ki\u00e1ll\u00edt\u00e1son bemutatott aut\u00f3k k\u00f6z\u00f6tt sz\u00e1mos igazi ritkas\u00e1g is szerepel majd. A vil\u00e1g egyik legkomolyabb, Mercedes-Benzeket restaur\u00e1l\u00f3 c\u00e9ge, a HK-Engineering j\u00f3volt\u00e1b\u00f3l l\u00e1that\u00f3 majd a rendezv\u00e9nyen a Mercedes-Benz 300 SL &#8220;Rubirosa&#8221;, amely egykori tulajdonos\u00e1r\u00f3l, Porfirio Rubirosa dominikai diplomat\u00e1r\u00f3l \u00e9s aut\u00f3versenyz\u0151r\u0151l kapta a nev\u00e9t.<\/p>\n\n\n\n<p class=\"wp-block-paragraph\">Tal\u00e1lkozhat a k\u00f6z\u00f6ns\u00e9g egy Mercedes-Benz W126 1000SEL luxus limuzinnal is, amely 1986-1992 k\u00f6z\u00f6tt a n\u00e9met diplomata flotta tagja volt, \u00e9s amelyet t\u00f6bbek k\u00f6z\u00f6tt Helmut Kohl n\u00e9met kancell\u00e1r is haszn\u00e1lt. Az aut\u00f3t 1992 ut\u00e1n v\u00e1s\u00e1rolta meg egy n\u00e9met gy\u0171jt\u0151 \u00e9s 2021-ben ker\u00fclt Magyarorsz\u00e1gra.<\/p>\n\n\n\n<p class=\"wp-block-paragraph\">A Mercedes-Benz SLS AMG ki\u00e1ll\u00edt\u00e1sra \u00e9rkez\u0151 p\u00e9ld\u00e1nya az egyike annak a n\u00e9h\u00e1ny sz\u00e1z darabnak, amelyben a csaknem 600 l\u0151er\u0151s 6.2 motor van, s az aut\u00f3t annak idej\u00e9n Michael Schumacher mutatta be.<\/p>\n\n\n\n<p class=\"wp-block-paragraph\">L\u00e1that\u00f3 majd Szegeden egy Mercedes-Benz W100 Pullman is, melyet 1965-ben v\u00e1s\u00e1rolt meg, majd hajtott 15 \u00e9vig egy n\u00e9met iparm\u00e1gn\u00e1s.<\/p>\n\n\n\n<p class=\"wp-block-paragraph\">A tavalyi rendezv\u00e9nyhez hasonl\u00f3an a k\u00fcl\u00f6nleges \u00e9s ritka Mercedes-Benzek mellett a rendez\u0151k nagy hangs\u00falyt fektetnek a szakmai el\u0151ad\u00e1sokra, besz\u00e9lget\u00e9sekre. \u00cdgy a Classic Car Show &amp; Expo powered by Pappas neves vend\u00e9get v\u00e1r tavasszal: a F1 h\u0151skor\u00e1nak legend\u00e1s versenyz\u0151je, az 1975-\u00f6s Spanyol Nagyd\u00edj futamgy\u0151ztese, az id\u00e9n 78 \u00e9ves n\u00e9met Jochen Mass is r\u00e9szt vesz majd az esem\u00e9nyen.<\/p>\n\n\n\n<p class=\"wp-block-paragraph\">A ki\u00e1ll\u00edt\u00e1s mellett megszervezik az I. Szegedi Classic Mercedes-Benz M\u00e1rkatal\u00e1lkoz\u00f3t is, amely c\u00e9lja, hogy azok a Mercedes tulajdonosok is bemutathass\u00e1k j\u00e1rm\u0171v\u00fcket, akiknek az aut\u00f3ja nem ker\u00fclt be a ki\u00e1ll\u00edt\u00e1sra.<\/p>\n\n\n\n<p class=\"wp-block-paragraph\"><strong>2025. m\u00e1rcius 13.<\/strong><\/p>\n\n\n\n<p class=\"wp-block-paragraph\"><strong><em>(MTI)<\/em><\/strong><\/p>\n","protected":false},"excerpt":{"rendered":"<p>Mintegy sz\u00e1z\u00f6tven k\u00fcl\u00f6nb\u00f6z\u0151 t\u00edpus\u00fa Mercedes-Benz j\u00e1rm\u0171vet vonultat fel az idei Classic Car Show &amp; Expo m\u00e1jus 10-\u00e9n \u00e9s 11-\u00e9n Szegeden &#8211; t\u00e1j\u00e9koztatt\u00e1k a szervez\u0151k cs\u00fct\u00f6rt\u00f6k\u00f6n &#8230; <\/p>\n<p class=\"read-more-container\"><a title=\"Sz\u00e1z\u00f6tven k\u00fcl\u00f6nleges Mercedest mutatnak be m\u00e1jusban Szegeden\" class=\"read-more button\" href=\"https:\/\/kulturmania.hu\/index.php\/2025\/04\/10\/szazotven-kulonleges-mercedest-mutatnak-be-majusban-szegeden\/#more-3090\" aria-label=\"Tov\u00e1bb Sz\u00e1z\u00f6tven k\u00fcl\u00f6nleges Mercedest mutatnak be m\u00e1jusban Szegeden\">Olvass tov\u00e1bb<\/a><\/p>\n","protected":false},"author":2,"featured_media":3091,"comment_status":"closed","ping_status":"closed","sticky":false,"template":"","format":"standard","meta":{"footnotes":""},"categories":[5],"tags":[108,109,110,70],"class_list":["post-3090","post","type-post","status-publish","format-standard","has-post-thumbnail","hentry","category-szabadido","tag-autoipar","tag-bemutato","tag-classic-car-show","tag-kultura","resize-featured-image"],"distributor_meta":false,"distributor_terms":false,"distributor_media":false,"distributor_original_site_name":"PestCentrum","distributor_original_site_url":"https:\/\/pestcentrum.hu","push-errors":false,"_links":{"self":[{"href":"https:\/\/kulturmania.hu\/index.php\/wp-json\/wp\/v2\/posts\/3090","targetHints":{"allow":["GET"]}}],"collection":[{"href":"https:\/\/kulturmania.hu\/index.php\/wp-json\/wp\/v2\/posts"}],"about":[{"href":"https:\/\/kulturmania.hu\/index.php\/wp-json\/wp\/v2\/types\/post"}],"author":[{"embeddable":true,"href":"https:\/\/kulturmania.hu\/index.php\/wp-json\/wp\/v2\/users\/2"}],"replies":[{"embeddable":true,"href":"https:\/\/kulturmania.hu\/index.php\/wp-json\/wp\/v2\/comments?post=3090"}],"version-history":[{"count":1,"href":"https:\/\/kulturmania.hu\/index.php\/wp-json\/wp\/v2\/posts\/3090\/revisions"}],"predecessor-version":[{"id":3110,"href":"https:\/\/kulturmania.hu\/index.php\/wp-json\/wp\/v2\/posts\/3090\/revisions\/3110"}],"wp:featuredmedia":[{"embeddable":true,"href":"https:\/\/kulturmania.hu\/index.php\/wp-json\/wp\/v2\/media\/3091"}],"wp:attachment":[{"href":"https:\/\/kulturmania.hu\/index.php\/wp-json\/wp\/v2\/media?parent=3090"}],"wp:term":[{"taxonomy":"category","embeddable":true,"href":"https:\/\/kulturmania.hu\/index.php\/wp-json\/wp\/v2\/categories?post=3090"},{"taxonomy":"post_tag","embeddable":true,"href":"https:\/\/kulturmania.hu\/index.php\/wp-json\/wp\/v2\/tags?post=3090"}],"curies":[{"name":"wp","href":"https:\/\/api.w.org\/{rel}","templated":true}]}}