{"id":3253,"date":"2025-04-14T16:06:01","date_gmt":"2025-04-14T14:06:01","guid":{"rendered":"https:\/\/kulturmania.hu\/index.php\/2025\/04\/14\/ot-kontinens-zeneszei-lepnek-fel-a-mupaban-az-ev-masodik-feleben\/"},"modified":"2025-04-14T16:06:25","modified_gmt":"2025-04-14T14:06:25","slug":"ot-kontinens-zeneszei-lepnek-fel-a-mupaban-az-ev-masodik-feleben","status":"publish","type":"post","link":"https:\/\/kulturmania.hu\/index.php\/2025\/04\/14\/ot-kontinens-zeneszei-lepnek-fel-a-mupaban-az-ev-masodik-feleben\/","title":{"rendered":"\u00d6t kontinens zen\u00e9szei l\u00e9pnek fel a M\u00fcp\u00e1ban az \u00e9v m\u00e1sodik fel\u00e9ben"},"content":{"rendered":"\n<p class=\"wp-block-paragraph\"><strong>\u00d6t kontinens zen\u00e9szei l\u00e9pnek fel a M\u00fcp\u00e1ban az \u00e9v m\u00e1sodik fel\u00e9ben Antonio Pappano karmestert\u0151l a zongorista V\u00edking\u00far \u00d3lafssonon \u00e9s a Nyerd meg az \u00e9leted zen\u00e9j\u00e9t megalkot\u00f3 Csong Dzseilen \u00e1t a dzsessz-zen\u00e9sz Diana Krallig.<\/strong><\/p>\n\n\n\n<p class=\"wp-block-paragraph\">A M\u00fcpa az MTI-hez h\u00e9tf\u0151n eljuttatott k\u00f6zlem\u00e9ny\u00e9ben kiemelt\u00e9k, hogy el\u0151sz\u00f6r vez\u00e9nyli a M\u00fcp\u00e1ban a Londoni Szimfonikusokat Antonio Pappano; a Nemzeti Filharmonikusokkal t\u00e9r vissza a k\u00fcrt\u00f6sb\u0151l karmesterr\u00e9 v\u00e1lt Sebastian Weigle; a Rotterdami Filharmonikusok k\u00eds\u00e9ret\u00e9ben \u00e9rkezik a moldovai\u2013osztr\u00e1k\u2013sv\u00e1jci heged\u0171m\u0171v\u00e9sz, Patricia Kopatchinskaja; a B\u00e9csi Filharmonikusok \u00e9s Anna Vinnitskaya zongorista koncertj\u00e9nek m\u0171sora pedig az osztr\u00e1k f\u0151v\u00e1ros hangulat\u00e1t id\u00e9zi majd meg.<\/p>\n\n\n\n<p class=\"wp-block-paragraph\">A 2025\/26-os \u00e9vadban t\u00f6bb alkalommal is lesz lehet\u0151s\u00e9g majd \u00e9l\u0151ben hallani a friss Grammy-d\u00edjas V\u00edking\u00far \u00d3lafssont; az \u00e9vad egy\u00fcttes\u00e9nek v\u00e1lasztott S\u00f6nd\u00f6rg\u0151 pedig legismertebb dalaikkal, r\u00e9gi \u00e9s \u00faj zen\u00e9szbar\u00e1tokkal k\u00e9sz\u00fclnek meg\u00fcnnepelni fenn\u00e1ll\u00e1suk harmincadik \u00e9vfordul\u00f3j\u00e1t &#8211; sorolt\u00e1k a t\u00e1j\u00e9koztat\u00f3ban.<\/p>\n\n\n\n<p class=\"wp-block-paragraph\">\u00c9rkezik a l\u00e1gy dallamair\u00f3l ismert Jos\u00e9 Gonz\u00e1lez \u00e9s a blues g\u00f6r\u00f6g verzi\u00f3ja, a rembetiko n\u00e9pszer\u0171 el\u0151ad\u00f3ja, George Dalaras is. A M\u00fcpa orgon\u00e1j\u00e1ra cser\u00e9li a Royal Albert Hall hangszer\u00e9t a k\u00f6z\u00f6ss\u00e9gi m\u00e9di\u00e1ban is n\u00e9pszer\u0171 brit Anna Lapwood; saj\u00e1t fejleszt\u00e9s\u0171 elektroakusztikus h\u00e1rf\u00e1j\u00e1val k\u00e9sz\u00fcl a Grammy-d\u00edjas sv\u00e1jci Andreas Vollenweider; a k\u00e9tezres \u00e9vek n\u00e9pszer\u0171 hazai melankolikus dalszerz\u0151p\u00e1rosa, Jamie Winchester \u00e9s Hrutka R\u00f3bert pedig von\u00f3sn\u00e9gyessel nosztalgi\u00e1zik.<\/p>\n\n\n\n<p class=\"wp-block-paragraph\">2025 m\u00e1sodik fel\u00e9ben \u00c1zsia k\u00fcl\u00f6nf\u00e9le m\u0171v\u00e9szei \u00e9s form\u00e1ci\u00f3i is Budapestre l\u00e1togatnak. El\u0151sz\u00f6r hallhatja a M\u00fcpa k\u00f6z\u00f6ns\u00e9ge a t\u00f6bb mint sz\u00e1z\u00e9ves m\u00faltra visszatekint\u0151 Toki\u00f3i Filharmonikus Zenekart, ez\u00fattal a koreai Csong Mjonghun vez\u00e9nylet\u00e9vel; az Oscar-d\u00edjas \u00c9l\u0151sk\u00f6d\u0151k \u00e9s a Nyerd meg az \u00e9leted zeneszerz\u0151je, a d\u00e9l-koreai Csong Dzseil pedig a Dohn\u00e1nyi Zenekar \u00e9s tradicion\u00e1lis d\u00e9l-koreai zen\u00e9szek k\u00eds\u00e9ret\u00e9ben mutatkozik be. Saj\u00e1t zenekara \u00e9l\u00e9n \u00e9s spiritu\u00e1lis oldal\u00e1t kidombor\u00edt\u00f3 \u00faj album\u00e1nak dalaival \u00e9rkezik a jap\u00e1n trombitam\u0171v\u00e9sz, Kuroda Takuja; nagy hangs\u00falyt kap a spiritualit\u00e1s az amerikai sz\u00fclet\u00e9s\u0171, \u00e1m D\u00e9l-Indi\u00e1ban nevelkedett ganavya zen\u00e9j\u00e9ben is; m\u00edg Saya No\u00e9 Malajzi\u00e1ban t\u00f6lt\u00f6tt gyerekkor\u00e1t id\u00e9zi meg egy \u00f6sszm\u0171v\u00e9szeti el\u0151ad\u00e1son.<\/p>\n\n\n\n<p class=\"wp-block-paragraph\">Diana Krall a This Dream of You c\u00edm\u0171 album\u00e1nak dalaival, valamint kedvenc jazz- \u00e9s popsl\u00e1gereivel t\u00e9r vissza. C\u00e9cile McLorin Salvant kvartettje k\u00eds\u00e9ret\u00e9ben \u00e9nekel majd t\u00f6bb nyelven is; Czutor Zoli, Ganxsta Zoli \u00e9s Papp Szabi pedig az amerikai swinglegenda, Frank Sinatra dalait dolgozza fel.<\/p>\n\n\n\n<p class=\"wp-block-paragraph\">Mindenszentek \u00fcnnep\u00e9n nemzetk\u00f6zi el\u0151ad\u00f3g\u00e1rda \u00e9nekli Michael Haydn \u00e9s Antonio Salieri Requiemj\u00e9t; a VOCES8 koncertje pedig a kar\u00e1csony hangulat\u00e1t id\u00e9zi majd meg. Az adventi id\u0151szakban a kar\u00e1csonyi orgonakoncerten Tabajdi \u00c1d\u00e1mhoz P\u00e1lfalvi Tam\u00e1s csatlakozik; a Gabetta Consort olasz barokk concert\u00f3kkal teli hangverseny\u00e9n pedig k\u00e9t trombit\u00e1t sz\u00f3laltat majd meg Bold\u00f3czki G\u00e1bor \u00e9s Szergej Nakarjakov &#8211; olvashat\u00f3 a k\u00f6zlem\u00e9nyben.<\/p>\n\n\n\n<p class=\"wp-block-paragraph\">&#8220;Magyarorsz\u00e1g \u00e9s Eur\u00f3pa egyik vezet\u0151 kultur\u00e1lis k\u00f6zpontjak\u00e9nt felel\u0151ss\u00e9ggel tartozunk az\u00e9rt, hogy az elm\u00falt k\u00e9t \u00e9vtized felbecs\u00fclhetetlen m\u0171v\u00e9szeti hagyat\u00e9k\u00e1t megfelel\u0151k\u00e9pp gondozzuk&#8221; &#8211; id\u00e9zt\u00e9k a k\u00f6zlem\u00e9nyben K\u00e1el Csab\u00e1t, az int\u00e9zm\u00e9ny vez\u00e9rigazgat\u00f3j\u00e1t.<\/p>\n\n\n\n<p class=\"wp-block-paragraph\">A teljes program a https:\/\/mupa.hu\/jegyek-berletek\/2025-osz-tel linken tal\u00e1lhat\u00f3, ahol jegyek is v\u00e1s\u00e1rolhat\u00f3ak.<\/p>\n\n\n\n<p class=\"wp-block-paragraph\"><strong>2025. \u00e1prilis 14.<\/strong><\/p>\n\n\n\n<p class=\"wp-block-paragraph\"><strong><em>(MTI)<\/em><\/strong><\/p>\n","protected":false},"excerpt":{"rendered":"<p>\u00d6t kontinens zen\u00e9szei l\u00e9pnek fel a M\u00fcp\u00e1ban az \u00e9v m\u00e1sodik fel\u00e9ben Antonio Pappano karmestert\u0151l a zongorista V\u00edking\u00far \u00d3lafssonon \u00e9s a Nyerd meg az \u00e9leted zen\u00e9j\u00e9t &#8230; <\/p>\n<p class=\"read-more-container\"><a title=\"\u00d6t kontinens zen\u00e9szei l\u00e9pnek fel a M\u00fcp\u00e1ban az \u00e9v m\u00e1sodik fel\u00e9ben\" class=\"read-more button\" href=\"https:\/\/kulturmania.hu\/index.php\/2025\/04\/14\/ot-kontinens-zeneszei-lepnek-fel-a-mupaban-az-ev-masodik-feleben\/#more-3253\" aria-label=\"Tov\u00e1bb \u00d6t kontinens zen\u00e9szei l\u00e9pnek fel a M\u00fcp\u00e1ban az \u00e9v m\u00e1sodik fel\u00e9ben\">Olvass tov\u00e1bb<\/a><\/p>\n","protected":false},"author":4,"featured_media":3254,"comment_status":"closed","ping_status":"closed","sticky":false,"template":"","format":"standard","meta":{"footnotes":""},"categories":[6],"tags":[139,140,141,82,74],"class_list":["post-3253","post","type-post","status-publish","format-standard","has-post-thumbnail","hentry","category-program","tag-bejelentes","tag-koncertek","tag-mupa","tag-program","tag-zene","resize-featured-image"],"distributor_meta":false,"distributor_terms":false,"distributor_media":false,"distributor_original_site_name":"PestCentrum","distributor_original_site_url":"https:\/\/pestcentrum.hu","push-errors":false,"_links":{"self":[{"href":"https:\/\/kulturmania.hu\/index.php\/wp-json\/wp\/v2\/posts\/3253","targetHints":{"allow":["GET"]}}],"collection":[{"href":"https:\/\/kulturmania.hu\/index.php\/wp-json\/wp\/v2\/posts"}],"about":[{"href":"https:\/\/kulturmania.hu\/index.php\/wp-json\/wp\/v2\/types\/post"}],"author":[{"embeddable":true,"href":"https:\/\/kulturmania.hu\/index.php\/wp-json\/wp\/v2\/users\/4"}],"replies":[{"embeddable":true,"href":"https:\/\/kulturmania.hu\/index.php\/wp-json\/wp\/v2\/comments?post=3253"}],"version-history":[{"count":1,"href":"https:\/\/kulturmania.hu\/index.php\/wp-json\/wp\/v2\/posts\/3253\/revisions"}],"predecessor-version":[{"id":3255,"href":"https:\/\/kulturmania.hu\/index.php\/wp-json\/wp\/v2\/posts\/3253\/revisions\/3255"}],"wp:featuredmedia":[{"embeddable":true,"href":"https:\/\/kulturmania.hu\/index.php\/wp-json\/wp\/v2\/media\/3254"}],"wp:attachment":[{"href":"https:\/\/kulturmania.hu\/index.php\/wp-json\/wp\/v2\/media?parent=3253"}],"wp:term":[{"taxonomy":"category","embeddable":true,"href":"https:\/\/kulturmania.hu\/index.php\/wp-json\/wp\/v2\/categories?post=3253"},{"taxonomy":"post_tag","embeddable":true,"href":"https:\/\/kulturmania.hu\/index.php\/wp-json\/wp\/v2\/tags?post=3253"}],"curies":[{"name":"wp","href":"https:\/\/api.w.org\/{rel}","templated":true}]}}