{"id":3259,"date":"2025-04-17T17:09:47","date_gmt":"2025-04-17T15:09:47","guid":{"rendered":"https:\/\/kulturmania.hu\/index.php\/2025\/04\/17\/eros-ramazzotti-jovo-tavasszal-az-mvm-dome-ban\/"},"modified":"2025-04-17T17:09:47","modified_gmt":"2025-04-17T15:09:47","slug":"eros-ramazzotti-jovo-tavasszal-az-mvm-dome-ban","status":"publish","type":"post","link":"https:\/\/kulturmania.hu\/index.php\/2025\/04\/17\/eros-ramazzotti-jovo-tavasszal-az-mvm-dome-ban\/","title":{"rendered":"Eros Ramazzotti j\u00f6v\u0151 tavasszal az MVM Dome-ban"},"content":{"rendered":"\n<p class=\"wp-block-paragraph\"><strong>Eros Ramazzotti, a vil\u00e1gh\u00edr\u0171 olasz dalszerz\u0151-\u00e9nekes j\u00f6v\u0151 tavasszal ism\u00e9t Budapesten ad koncertet. Az el\u0151ad\u00f3 Una Storia Importante c\u00edm\u0171 vil\u00e1gk\u00f6r\u00fcli turn\u00e9ja keret\u00e9ben 2026. \u00e1prilis 19-\u00e9n l\u00e9p fel az MVM Dome-ban.<\/strong><\/p>\n\n\n\n<figure class=\"wp-block-image size-large\"><img decoding=\"async\" src=\"https:\/\/pestcentrum.hu\/wp-content\/uploads\/2025\/04\/Eros_Ramazzotti_21563346559-1024x682.jpg\" alt=\"\" class=\"wp-image-29895\"\/><\/figure>\n\n\n\n<p class=\"wp-block-paragraph\">A turn\u00e9 az \u00e9nekes \u00e9s a k\u00f6z\u00f6ns\u00e9ge k\u00f6z\u00f6tti m\u00e9ly k\u00f6tel\u00e9kr\u0151l sz\u00f3l, egy olyan kapcsolatr\u00f3l, amely id\u0151n, hat\u00e1rokon \u00e9s gener\u00e1ci\u00f3kon \u00edvel \u00e1t &#8211; k\u00f6z\u00f6lte a szervez\u0151 Koncertpromo az MTI-vel.<\/p>\n\n\n\n<p class=\"wp-block-paragraph\">A 61 \u00e9ves Eros Ramazzotti eddigi, csaknem n\u00e9gy \u00e9vtizedes p\u00e1lyafut\u00e1sa sor\u00e1n t\u00f6bb mint 80 milli\u00f3 lemezt adott el, \u00e9s t\u00f6bb mint 9 milli\u00e1rdszor streamelt\u00e9k felv\u00e9teleit vil\u00e1gszerte.<\/p>\n\n\n\n<p class=\"wp-block-paragraph\">A r\u00f3mai sz\u00fclet\u00e9s\u0171 \u00e9nekes, dalsz\u00f6veg\u00edr\u00f3 1984-ben a San Rem\u00f3-i fesztiv\u00e1lon megnyerte az \u00faj felfedezettek verseny\u00e9t, ezzel indult karrierje. 1986-ban m\u00e1r a fesztiv\u00e1l f\u0151 verseny\u00e9n gy\u0151z\u00f6tt Adesso tu c\u00edm\u0171 dal\u00e1val. Szt\u00e1rr\u00e1 1990-ben v\u00e1lt, amikor In ogni senso c\u00edm\u0171 albuma \u00f3ri\u00e1si siker lett N\u00e9metorsz\u00e1gban, Spanyolorsz\u00e1gban \u00e9s Sv\u00e1jcban, \u00e9s Amerik\u00e1ban is felfigyeltek r\u00e1. 1995-ben szerz\u0151dtette a BMG kiad\u00f3. Az 1997-es Eros c\u00edm\u0171 album\u00e1n Andrea Bocellivel \u00e9s Tina Turnerrel \u00e9nekelt, az ut\u00f3bbival el\u0151adott Cose della vita c\u00edm\u0171 duett vil\u00e1gsiker lett. \u00c9nekelt Cher, Anastacia, Luciano Pavarotti, Laura Pausini, Nicole Scherzinger \u00e9s Ricky Martin oldal\u00e1n is. 2003-as 9 c\u00edm\u0171 lemeze tizen\u00f6t h\u00e9tig vezette It\u00e1li\u00e1ban az elad\u00e1si list\u00e1kat \u00e9s 95 h\u00e9tig siker\u00fclt a top 100-ban maradnia.<\/p>\n\n\n\n<p class=\"wp-block-paragraph\">Legut\u00f3bbi st\u00fadi\u00f3albuma, a Battito Infinito 2022-ben jelent meg. Eddig \u00f6tsz\u00f6r \u00e9nekelt Magyarorsz\u00e1gon, 2009-ben, 2013-ban, 2016-ban, 2019-ben, legut\u00f3bb pedig 2023-ban, mindannyiszor a Budapest Sportar\u00e9n\u00e1ban.<\/p>\n\n\n\n<p class=\"wp-block-paragraph\"><strong>2025. \u00e1prilis 17.<\/strong><\/p>\n\n\n\n<p class=\"wp-block-paragraph\"><strong><em>(MTI)<\/em><\/strong><\/p>\n","protected":false},"excerpt":{"rendered":"<p>Eros Ramazzotti, a vil\u00e1gh\u00edr\u0171 olasz dalszerz\u0151-\u00e9nekes j\u00f6v\u0151 tavasszal ism\u00e9t Budapesten ad koncertet. Az el\u0151ad\u00f3 Una Storia Importante c\u00edm\u0171 vil\u00e1gk\u00f6r\u00fcli turn\u00e9ja keret\u00e9ben 2026. \u00e1prilis 19-\u00e9n l\u00e9p &#8230; <\/p>\n<p class=\"read-more-container\"><a title=\"Eros Ramazzotti j\u00f6v\u0151 tavasszal az MVM Dome-ban\" class=\"read-more button\" href=\"https:\/\/kulturmania.hu\/index.php\/2025\/04\/17\/eros-ramazzotti-jovo-tavasszal-az-mvm-dome-ban\/#more-3259\" aria-label=\"Tov\u00e1bb Eros Ramazzotti j\u00f6v\u0151 tavasszal az MVM Dome-ban\">Olvass tov\u00e1bb<\/a><\/p>\n","protected":false},"author":4,"featured_media":3260,"comment_status":"","ping_status":"","sticky":false,"template":"","format":"standard","meta":{"footnotes":""},"categories":[4],"tags":[145,146,137,81,88,82],"class_list":["post-3259","post","type-post","status-publish","format-standard","has-post-thumbnail","hentry","category-kultura","tag-dalszerzo","tag-eros-ramazotti","tag-esemeny","tag-koncert","tag-mvm-dome","tag-program","resize-featured-image"],"distributor_meta":false,"distributor_terms":false,"distributor_media":false,"distributor_original_site_name":"PestCentrum","distributor_original_site_url":"https:\/\/pestcentrum.hu","push-errors":false,"_links":{"self":[{"href":"https:\/\/kulturmania.hu\/index.php\/wp-json\/wp\/v2\/posts\/3259","targetHints":{"allow":["GET"]}}],"collection":[{"href":"https:\/\/kulturmania.hu\/index.php\/wp-json\/wp\/v2\/posts"}],"about":[{"href":"https:\/\/kulturmania.hu\/index.php\/wp-json\/wp\/v2\/types\/post"}],"author":[{"embeddable":true,"href":"https:\/\/kulturmania.hu\/index.php\/wp-json\/wp\/v2\/users\/4"}],"replies":[{"embeddable":true,"href":"https:\/\/kulturmania.hu\/index.php\/wp-json\/wp\/v2\/comments?post=3259"}],"version-history":[{"count":0,"href":"https:\/\/kulturmania.hu\/index.php\/wp-json\/wp\/v2\/posts\/3259\/revisions"}],"wp:featuredmedia":[{"embeddable":true,"href":"https:\/\/kulturmania.hu\/index.php\/wp-json\/wp\/v2\/media\/3260"}],"wp:attachment":[{"href":"https:\/\/kulturmania.hu\/index.php\/wp-json\/wp\/v2\/media?parent=3259"}],"wp:term":[{"taxonomy":"category","embeddable":true,"href":"https:\/\/kulturmania.hu\/index.php\/wp-json\/wp\/v2\/categories?post=3259"},{"taxonomy":"post_tag","embeddable":true,"href":"https:\/\/kulturmania.hu\/index.php\/wp-json\/wp\/v2\/tags?post=3259"}],"curies":[{"name":"wp","href":"https:\/\/api.w.org\/{rel}","templated":true}]}}