{"id":3289,"date":"2025-05-08T15:27:52","date_gmt":"2025-05-08T13:27:52","guid":{"rendered":"https:\/\/kulturmania.hu\/index.php\/2025\/05\/08\/rekordszamu-nevezes-erkezett-az-ev-palinkas-bonbonja-2025-versenyre\/"},"modified":"2025-05-08T15:27:52","modified_gmt":"2025-05-08T13:27:52","slug":"rekordszamu-nevezes-erkezett-az-ev-palinkas-bonbonja-2025-versenyre","status":"publish","type":"post","link":"https:\/\/kulturmania.hu\/index.php\/2025\/05\/08\/rekordszamu-nevezes-erkezett-az-ev-palinkas-bonbonja-2025-versenyre\/","title":{"rendered":"Rekordsz\u00e1m\u00fa nevez\u00e9s \u00e9rkezett az \u00c9v p\u00e1link\u00e1s bonbonja-2025 versenyre"},"content":{"rendered":"\n<p class=\"wp-block-paragraph\"><strong>Rekordsz\u00e1m\u00fa nevez\u00e9s \u00e9rkezett az \u00c9v p\u00e1link\u00e1s bonbonja-2025 versenyre &#8211; mondta a verseny \u00f6tletgazd\u00e1ja \u00e9s igazgat\u00f3ja cs\u00fct\u00f6rt\u00f6k\u00f6n a gyulai Alm\u00e1sy-kast\u00e9lyban, a t\u00e9telek zs\u0171riz\u00e9se el\u0151tt.<\/strong><\/p>\n\n\n\n<figure class=\"wp-block-image size-full\"><img decoding=\"async\" src=\"https:\/\/pestcentrum.hu\/wp-content\/uploads\/2025\/05\/pexels-palomaclaricefotografia-9285198.jpg\" alt=\"\" class=\"wp-image-30826\"\/><\/figure>\n\n\n\n<p class=\"wp-block-paragraph\">Fabulya Attila k\u00f6z\u00f6lte, harmadik alkalommal hirdett\u00e9k meg a versenyt, amelyre 143 nevez\u00e9s \u00e9rkezett az orsz\u00e1g minden r\u00e9sz\u00e9b\u0151l \u00e9s a Felvid\u00e9kr\u0151l. A harmadik alkalom m\u00e1r jelzi, hogy mind a csokol\u00e1d\u00e9s, mind a p\u00e1link\u00e1s szakma elfogadta a versenyt; az \u00c9v tort\u00e1ja, \u00c9v fagylaltja, \u00c9v szaloncukra megm\u00e9ret\u00e9sek mell\u00e9 tudott emelkedni a p\u00e1link\u00e1s bonbonverseny.<\/p>\n\n\n\n<p class=\"wp-block-paragraph\">Kifejtette, n\u00e9gy kateg\u00f3ri\u00e1t hirdettek meg. Kr\u00e9mt\u00f6ltel\u00e9kkel k\u00e9sz\u00fclt k\u00e9zm\u0171ves p\u00e1link\u00e1s bonbonb\u00f3l 51 nevez\u00e9s \u00e9rkezett; az \u00e9v p\u00e1link\u00e1j\u00e1val, csereszny\u00e9vel t\u00f6lt\u00f6tt bonbonb\u00f3l 27-et neveztek. Megjegyezte, nagyon k\u00edv\u00e1ncsi erre a kateg\u00f3ri\u00e1ra, mert a cseresznyep\u00e1linka &#8220;nem sz\u00e1m\u00edt k\u00f6nny\u0171 alapanyagnak&#8221;.<\/p>\n\n\n\n<p class=\"wp-block-paragraph\">Fabulya Attila szerint a verseny legnagyobb \u00e9rdeme, hogy k\u00fcl\u00f6n kateg\u00f3ri\u00e1ban szerepelnek az oktat\u00e1si int\u00e9zm\u00e9nyben k\u00e9sz\u00fclt k\u00e9zm\u0171ves p\u00e1link\u00e1s bonbonok, amelyekb\u0151l id\u00e9n 31 minta \u00e9rkezett, ezek sok esetben a tanul\u00f3k diplomamunk\u00e1i. N\u00e9gy darab, h\u00e1romf\u0151s szakmai zs\u0171ri b\u00edr\u00e1lja el a t\u00e9teleket, ezt a kateg\u00f3ri\u00e1t egy zs\u0171rit\u00e1rsas\u00e1g vizsg\u00e1lja; a t\u00f6bbi kateg\u00f3ria nevez\u00e9seit a m\u00e1sik h\u00e1rom &#8220;csapat&#8221; vegyesen kapja meg.<\/p>\n\n\n\n<p class=\"wp-block-paragraph\">Id\u00e9n \u00faj kateg\u00f3riak\u00e9nt hirdett\u00e9k meg a nem p\u00e1link\u00e1b\u00f3l, hanem p\u00e1rlatb\u00f3l, vagy ginb\u0151l, lik\u0151rb\u0151l k\u00e9sz\u00fclt bonbonokat, mert &#8211; mint mondta &#8211; egyre ink\u00e1bb k\u00eds\u00e9rleteznek ilyen italok gy\u00e1rt\u00e1s\u00e1val is a hazai, kereskedelmi p\u00e1linkaf\u0151zd\u00e9k. Ebbe a kateg\u00f3ri\u00e1ba 34 bonbont neveztek &#8211; ismertette Fabulya Attila.<\/p>\n\n\n\n<p class=\"wp-block-paragraph\">Veszely Attila zs\u0171rieln\u00f6k elmondta, a p\u00e1linkaszak\u00e9rt\u0151kb\u0151l \u00e9s cukr\u00e1szmesterekb\u0151l \u00e1ll\u00f3 zs\u0171ri n\u00e9zi a t\u00e9telek megjelen\u00e9s\u00e9t, szerkezeti fel\u00e9p\u00edt\u00e9s\u00e9t, a kr\u00e9mess\u00e9get, a f\u0171szerez\u00e9st, a kreativit\u00e1st \u00e9s az \u00f6sszbenyom\u00e1st. Ez alapj\u00e1n arany, ez\u00fcst \u00e9s bronz min\u0151s\u00edt\u00e9seket osztanak. Az arany min\u0151s\u00edt\u00e9sek k\u00f6z\u00fcl v\u00e1lasztj\u00e1k ki az \u00c9v p\u00e1link\u00e1s bonbonj\u00e1t.<\/p>\n\n\n\n<p class=\"wp-block-paragraph\">Id\u00e9n ism\u00e9t egy t\u00e1rsadalmi zs\u0171ri a b\u00edr\u00e1l\u00f3k \u00e1ltal arany\u00e9rmesnek min\u0151s\u00edtett bonbonokb\u00f3l kiv\u00e1lasztja a Gyulai P\u00e1linkafesztiv\u00e1l K\u00f6z\u00f6ns\u00e9gd\u00edjas p\u00e1link\u00e1s bonbonj\u00e1t is &#8211; tette hozz\u00e1.<\/p>\n\n\n\n<p class=\"wp-block-paragraph\">A Gyulai P\u00e1linkafesztiv\u00e1l m\u00e1sik verseny\u00e9nek, a Brillante &#8211; 2025 Nemzetk\u00f6zi P\u00e1linka- \u00e9s P\u00e1rlatversenynek a zs\u0171riz\u00e9s\u00e9t m\u00e1r elv\u00e9gezte egy 22 tag\u00fa szakemberg\u00e1rda. \u00d6sszesen 1238 minta \u00e9rkezett, a hat\u00e1ron t\u00falr\u00f3l Hollandi\u00e1b\u00f3l, Szerbi\u00e1b\u00f3l, Rom\u00e1ni\u00e1b\u00f3l \u00e9s Szlov\u00e1ki\u00e1b\u00f3l is neveztek. Volt, aki egy mint\u00e1val, m\u00e1s 50 p\u00e1rlattal indult &#8211; mondta a fesztiv\u00e1l f\u0151szervez\u0151je, Varga-Bora T\u00edmea.<\/p>\n\n\n\n<p class=\"wp-block-paragraph\">\u00d6sszesen 158-an k\u00fcldtek be mint\u00e1kat, kilenc kereskedelmi f\u0151zde, 58 b\u00e9rf\u0151zet\u0151 \u00e9s 91 mag\u00e1nf\u0151z\u0151. A legt\u00f6bb p\u00e1rlat id\u00e9n is sz\u0151l\u0151b\u0151l \u00e9s sz\u0151l\u0151 eredet\u0171 term\u00e9kekb\u0151l \u00e9rkezett, sz\u00e1m szerint 196. Szilv\u00e1b\u00f3l 164 minta \u00e9rkezett, m\u00edg a harmadik legt\u00f6bb nevez\u00e9s termesztett bogy\u00f3s kateg\u00f3ri\u00e1ban volt. Az id\u00e9n az \u00e9v gy\u00fcm\u00f6lcs\u00e9nek a csereszny\u00e9t nevezt\u00e9k meg, cseresznyep\u00e1link\u00e1b\u00f3l 83 minta \u00e9rkezett. Kereskedelmi forgalomban kaphat\u00f3 p\u00e1link\u00e1kb\u00f3l 93, b\u00e9rf\u0151zetett p\u00e1rlatb\u00f3l 265, mag\u00e1nf\u0151zetett p\u00e1rlatb\u00f3l 880 minta \u00e9rkezett &#8211; ismertette.<\/p>\n\n\n\n<p class=\"wp-block-paragraph\">A versenyen d\u00edjazz\u00e1k a legjobb b\u00e9rf\u0151zetett \u00e9s mag\u00e1nf\u0151z\u00f6tt p\u00e1rlatot, a legeredm\u00e9nyesebb mag\u00e1nf\u0151z\u0151t \u00e9s b\u00e9rf\u0151zet\u0151t, a legeredm\u00e9nyesebb b\u00e9rf\u0151zd\u00e9t, emellett a legjobb kereskedelmi p\u00e1link\u00e1t \u00e9s a legeredm\u00e9nyesebb kereskedelmi f\u0151zd\u00e9t is. A legjobb cseresznyep\u00e1linka k\u00fcl\u00f6n kateg\u00f3riak\u00e9nt szerepel, \u00e9s id\u00e9n \u00fajdons\u00e1gk\u00e9nt meghirdett\u00e9k a Brillante Design D\u00edjat. Varga-Bora T\u00edmea el\u00e1rulta, ut\u00f3bbi zs\u0171riz\u00e9se p\u00e9nteken lesz.<\/p>\n\n\n\n<p class=\"wp-block-paragraph\">A 25. Gyulai P\u00e1linkafesztiv\u00e1lt j\u00fanius 6-8. k\u00f6z\u00f6tt rendezik meg. A p\u00e1link\u00e1s bonbonok \u00e9s a kereskedelmi p\u00e1link\u00e1k d\u00edjkioszt\u00f3j\u00e1t j\u00fanius 7-\u00e9n, szombaton tartj\u00e1k.<\/p>\n\n\n\n<p class=\"wp-block-paragraph\"><strong>2025. m\u00e1jus 8.<\/strong><\/p>\n\n\n\n<p class=\"wp-block-paragraph\"><strong><em>(MTI)<\/em><\/strong><\/p>\n","protected":false},"excerpt":{"rendered":"<p>Rekordsz\u00e1m\u00fa nevez\u00e9s \u00e9rkezett az \u00c9v p\u00e1link\u00e1s bonbonja-2025 versenyre &#8211; mondta a verseny \u00f6tletgazd\u00e1ja \u00e9s igazgat\u00f3ja cs\u00fct\u00f6rt\u00f6k\u00f6n a gyulai Alm\u00e1sy-kast\u00e9lyban, a t\u00e9telek zs\u0171riz\u00e9se el\u0151tt. Fabulya Attila &#8230; <\/p>\n<p class=\"read-more-container\"><a title=\"Rekordsz\u00e1m\u00fa nevez\u00e9s \u00e9rkezett az \u00c9v p\u00e1link\u00e1s bonbonja-2025 versenyre\" class=\"read-more button\" href=\"https:\/\/kulturmania.hu\/index.php\/2025\/05\/08\/rekordszamu-nevezes-erkezett-az-ev-palinkas-bonbonja-2025-versenyre\/#more-3289\" aria-label=\"Tov\u00e1bb Rekordsz\u00e1m\u00fa nevez\u00e9s \u00e9rkezett az \u00c9v p\u00e1link\u00e1s bonbonja-2025 versenyre\">Olvass tov\u00e1bb<\/a><\/p>\n","protected":false},"author":4,"featured_media":3290,"comment_status":"","ping_status":"","sticky":false,"template":"","format":"standard","meta":{"footnotes":""},"categories":[4],"tags":[178,117,179,70,79,180],"class_list":["post-3289","post","type-post","status-publish","format-standard","has-post-thumbnail","hentry","category-kultura","tag-gyula","tag-hagyomany","tag-hungarikum","tag-kultura","tag-verseny","tag-zsuri","resize-featured-image"],"distributor_meta":false,"distributor_terms":false,"distributor_media":false,"distributor_original_site_name":"PestCentrum","distributor_original_site_url":"https:\/\/pestcentrum.hu","push-errors":false,"_links":{"self":[{"href":"https:\/\/kulturmania.hu\/index.php\/wp-json\/wp\/v2\/posts\/3289","targetHints":{"allow":["GET"]}}],"collection":[{"href":"https:\/\/kulturmania.hu\/index.php\/wp-json\/wp\/v2\/posts"}],"about":[{"href":"https:\/\/kulturmania.hu\/index.php\/wp-json\/wp\/v2\/types\/post"}],"author":[{"embeddable":true,"href":"https:\/\/kulturmania.hu\/index.php\/wp-json\/wp\/v2\/users\/4"}],"replies":[{"embeddable":true,"href":"https:\/\/kulturmania.hu\/index.php\/wp-json\/wp\/v2\/comments?post=3289"}],"version-history":[{"count":0,"href":"https:\/\/kulturmania.hu\/index.php\/wp-json\/wp\/v2\/posts\/3289\/revisions"}],"wp:featuredmedia":[{"embeddable":true,"href":"https:\/\/kulturmania.hu\/index.php\/wp-json\/wp\/v2\/media\/3290"}],"wp:attachment":[{"href":"https:\/\/kulturmania.hu\/index.php\/wp-json\/wp\/v2\/media?parent=3289"}],"wp:term":[{"taxonomy":"category","embeddable":true,"href":"https:\/\/kulturmania.hu\/index.php\/wp-json\/wp\/v2\/categories?post=3289"},{"taxonomy":"post_tag","embeddable":true,"href":"https:\/\/kulturmania.hu\/index.php\/wp-json\/wp\/v2\/tags?post=3289"}],"curies":[{"name":"wp","href":"https:\/\/api.w.org\/{rel}","templated":true}]}}