{"id":3327,"date":"2025-06-19T06:40:01","date_gmt":"2025-06-19T04:40:01","guid":{"rendered":"https:\/\/kulturmania.hu\/index.php\/2025\/06\/19\/utolso-alkalommal-rendezik-meg-a-bankito-fesztivalt\/"},"modified":"2025-06-19T06:40:01","modified_gmt":"2025-06-19T04:40:01","slug":"utolso-alkalommal-rendezik-meg-a-bankito-fesztivalt","status":"publish","type":"post","link":"https:\/\/kulturmania.hu\/index.php\/2025\/06\/19\/utolso-alkalommal-rendezik-meg-a-bankito-fesztivalt\/","title":{"rendered":"Utols\u00f3 alkalommal rendezik meg a B\u00e1nkit\u00f3 Fesztiv\u00e1lt"},"content":{"rendered":"\n<p class=\"wp-block-paragraph\"><strong>Utols\u00f3 alkalommal rendezik meg id\u00e9n a B\u00e1nkit\u00f3 Fesztiv\u00e1lt &#8211; k\u00f6z\u00f6lt\u00e9k a szervez\u0151k szerd\u00e1n az MTI-vel.<\/strong><\/p>\n\n\n\n<figure class=\"wp-block-image size-full\"><img decoding=\"async\" src=\"https:\/\/pestcentrum.hu\/wp-content\/uploads\/2025\/06\/A_Banki-to_felulnezetbol-scaled.jpg\" alt=\"\" class=\"wp-image-32777\"\/><\/figure>\n\n\n\n<p class=\"wp-block-paragraph\">&#8220;A B\u00e1nkit\u00f3 a kezdetekt\u0151l fogva nonprofit v\u00e1llalkoz\u00e1sk\u00e9nt m\u0171k\u00f6d\u00f6tt: minden \u00e9vben a teljes nyeres\u00e9get a k\u00f6vetkez\u0151 \u00e9vi fesztiv\u00e1l megval\u00f3s\u00edt\u00e1s\u00e1ra ford\u00edtottuk. Az elm\u00falt \u00e9vek egym\u00e1st k\u00f6vet\u0151 v\u00e1ls\u00e1gai azonban egyre ink\u00e1bb ellehetetlen\u00edtett\u00e9k ezt a modellt. Civil szervezetk\u00e9nt m\u00e1r nem fenntarthat\u00f3 az a fesztiv\u00e1lforma, melyet eredetileg l\u00e9trehoztunk&#8221;- fogalmaztak a szervez\u0151k a k\u00f6zlem\u00e9nyben.<\/p>\n\n\n\n<p class=\"wp-block-paragraph\">Kiemelt\u00e9k: &#8220;a cs\u00f6kken\u0151 bev\u00e9telek, a megsz\u0171n\u0151 t\u00e1mogat\u00e1sok \u00e9s folyamatosan n\u00f6vekv\u0151 k\u00f6lts\u00e9gek mellett csak \u00fagy tudn\u00e1nk tov\u00e1bb m\u0171k\u00f6dni, ha s\u00falyos kompromisszumokat k\u00f6tn\u00e9nk \u2013 olyanokat, amelyek szembe mennek az alap\u00e9rt\u00e9keinkkel&#8221;.<\/p>\n\n\n\n<p class=\"wp-block-paragraph\">A B\u00e1nkit\u00f3 Fesztiv\u00e1lt 16 \u00e9ve kezdt\u00e9k el szervezni azzal a c\u00e9llal, hogy teret adjanak a soksz\u00edn\u0171 kult\u00fark\u00f6zegnek, az alternat\u00edv, \u00e9l\u0151zenei szc\u00e9n\u00e1nak \u00e9s szubkult\u00far\u00e1knak, valamint felh\u00edvj\u00e1k a figyelmet t\u00e1rsadalmi, politikai, emberjogi \u00e9s civil k\u00e9rd\u00e9sekre. Fontosnak \u00e9rezt\u00e9k, hogy a mainstream zenei fell\u00e9p\u0151k mellett bemutatkozhassanak progressz\u00edv, kisebb el\u00e9r\u00e9s\u0171 el\u0151ad\u00f3k is, \u00e9s hogy a zenei programokkal megegyez\u0151 s\u00falyt kapjanak a sz\u00ednh\u00e1zak, a k\u00e9pz\u0151m\u0171v\u00e9szek, a performanszm\u0171v\u00e9szek produkci\u00f3i is &#8211; olvashat\u00f3 a k\u00f6zlem\u00e9nyben.<\/p>\n\n\n\n<p class=\"wp-block-paragraph\">A szervez\u0151k kor\u00e1bbi k\u00f6zl\u00e9se szerint m\u00e1sok mellett a Carson Coma, az Analog Balaton, Co Lee \u00e9s a Csaknekedkisl\u00e1ny is koncertet ad az idei B\u00e1nkit\u00f3 Fesztiv\u00e1lon, amelyet j\u00falius 9-t\u0151l 12-ig rendeznek meg. A fell\u00e9p\u0151k k\u00f6z\u00f6tt lesz a Platon Karataev, Bark\u00f3czi No\u00e9mi, a Galaxisok, Kolibri, 6363-ra, iamyank, a Selecta dj-i, Lenkke, a Hakumba \u00e9s a kisbet\u0171s \u00fcnnepnapok, a 30Y \u00e9s az Elef\u00e1nt is.<\/p>\n\n\n\n<p class=\"wp-block-paragraph\"><strong>2025. j\u00fanius 19.<\/strong><\/p>\n\n\n\n<p class=\"wp-block-paragraph\"><strong><em>(MTI)<\/em><\/strong><\/p>\n","protected":false},"excerpt":{"rendered":"<p>Utols\u00f3 alkalommal rendezik meg id\u00e9n a B\u00e1nkit\u00f3 Fesztiv\u00e1lt &#8211; k\u00f6z\u00f6lt\u00e9k a szervez\u0151k szerd\u00e1n az MTI-vel. &#8220;A B\u00e1nkit\u00f3 a kezdetekt\u0151l fogva nonprofit v\u00e1llalkoz\u00e1sk\u00e9nt m\u0171k\u00f6d\u00f6tt: minden \u00e9vben &#8230; <\/p>\n<p class=\"read-more-container\"><a title=\"Utols\u00f3 alkalommal rendezik meg a B\u00e1nkit\u00f3 Fesztiv\u00e1lt\" class=\"read-more button\" href=\"https:\/\/kulturmania.hu\/index.php\/2025\/06\/19\/utolso-alkalommal-rendezik-meg-a-bankito-fesztivalt\/#more-3327\" aria-label=\"Tov\u00e1bb Utols\u00f3 alkalommal rendezik meg a B\u00e1nkit\u00f3 Fesztiv\u00e1lt\">Olvass tov\u00e1bb<\/a><\/p>\n","protected":false},"author":4,"featured_media":3328,"comment_status":"","ping_status":"","sticky":false,"template":"","format":"standard","meta":{"footnotes":""},"categories":[4],"tags":[230,231,137,65,82],"class_list":["post-3327","post","type-post","status-publish","format-standard","has-post-thumbnail","hentry","category-kultura","tag-bankito","tag-bezaras","tag-esemeny","tag-fesztival","tag-program","resize-featured-image"],"distributor_meta":false,"distributor_terms":false,"distributor_media":false,"distributor_original_site_name":"PestCentrum","distributor_original_site_url":"https:\/\/pestcentrum.hu","push-errors":false,"_links":{"self":[{"href":"https:\/\/kulturmania.hu\/index.php\/wp-json\/wp\/v2\/posts\/3327","targetHints":{"allow":["GET"]}}],"collection":[{"href":"https:\/\/kulturmania.hu\/index.php\/wp-json\/wp\/v2\/posts"}],"about":[{"href":"https:\/\/kulturmania.hu\/index.php\/wp-json\/wp\/v2\/types\/post"}],"author":[{"embeddable":true,"href":"https:\/\/kulturmania.hu\/index.php\/wp-json\/wp\/v2\/users\/4"}],"replies":[{"embeddable":true,"href":"https:\/\/kulturmania.hu\/index.php\/wp-json\/wp\/v2\/comments?post=3327"}],"version-history":[{"count":0,"href":"https:\/\/kulturmania.hu\/index.php\/wp-json\/wp\/v2\/posts\/3327\/revisions"}],"wp:featuredmedia":[{"embeddable":true,"href":"https:\/\/kulturmania.hu\/index.php\/wp-json\/wp\/v2\/media\/3328"}],"wp:attachment":[{"href":"https:\/\/kulturmania.hu\/index.php\/wp-json\/wp\/v2\/media?parent=3327"}],"wp:term":[{"taxonomy":"category","embeddable":true,"href":"https:\/\/kulturmania.hu\/index.php\/wp-json\/wp\/v2\/categories?post=3327"},{"taxonomy":"post_tag","embeddable":true,"href":"https:\/\/kulturmania.hu\/index.php\/wp-json\/wp\/v2\/tags?post=3327"}],"curies":[{"name":"wp","href":"https:\/\/api.w.org\/{rel}","templated":true}]}}