{"id":3333,"date":"2025-06-24T12:12:33","date_gmt":"2025-06-24T10:12:33","guid":{"rendered":"https:\/\/kulturmania.hu\/index.php\/2025\/06\/24\/kisebb-koltsegvetessel-rendezik-meg-a-savaria-tortenelmi-karnevalt-szombathelyen\/"},"modified":"2025-06-24T12:12:54","modified_gmt":"2025-06-24T10:12:54","slug":"kisebb-koltsegvetessel-rendezik-meg-a-savaria-tortenelmi-karnevalt-szombathelyen","status":"publish","type":"post","link":"https:\/\/kulturmania.hu\/index.php\/2025\/06\/24\/kisebb-koltsegvetessel-rendezik-meg-a-savaria-tortenelmi-karnevalt-szombathelyen\/","title":{"rendered":"Kisebb k\u00f6lts\u00e9gvet\u00e9ssel rendezik meg a Savaria T\u00f6rt\u00e9nelmi Karnev\u00e1lt Szombathelyen"},"content":{"rendered":"\n<p class=\"wp-block-paragraph\"><strong>Az anyagi neh\u00e9zs\u00e9gek ellen\u00e9re is n\u00e9gynapos lesz az idei XXIV. Savaria T\u00f6rt\u00e9nelmi Karnev\u00e1l Szombathelyen, amelyet augusztus 21-24. k\u00f6z\u00f6tt rendeznek meg &#8211; jelentette be h\u00e9tf\u0151n a v\u00e1ros kult\u00far\u00e1\u00e9rt is felel\u0151s alpolg\u00e1rmestere.<\/strong><\/p>\n\n\n\n<figure class=\"wp-block-image size-full\"><img decoding=\"async\" src=\"https:\/\/pestcentrum.hu\/wp-content\/uploads\/2025\/06\/3430251892_033ecb1843_b.jpg\" alt=\"\" class=\"wp-image-33056\"\/><\/figure>\n\n\n\n<p class=\"wp-block-paragraph\">Horv\u00e1th Soma elmondta: az \u00f6nkorm\u00e1nyzat az idei \u00e9vi k\u00f6lts\u00e9gvet\u00e9s\u00e9ben a kor\u00e1bbiakn\u00e1l kevesebbet, 67 milli\u00f3 forintot tudott a kanev\u00e1lra el\u0151ir\u00e1nyozni, r\u00e1ad\u00e1sul a p\u00e1ly\u00e1zati t\u00e1mogat\u00e1sok sem \u00fagy teljes\u00fcltek, ahogyan azt v\u00e1rt\u00e1k. Ez\u00e9rt \u00fajabb 13 milli\u00f3 forint t\u00e1mogat\u00e1st szavazott meg a v\u00e1ros k\u00f6zgy\u0171l\u00e9se K\u00f6z\u00e9p-Eur\u00f3pa legnagyobb hist\u00f3ri\u00e1s karnev\u00e1lj\u00e1nak t\u00e1mogat\u00e1s\u00e1ra &#8211; k\u00f6z\u00f6lte az alpolg\u00e1rmester, aki hozz\u00e1tette: a v\u00e1rosban m\u0171k\u00f6d\u0151 c\u00e9gek felaj\u00e1nl\u00e1sai n\u00e9lk\u00fcl &#8211; amelyek a 160 milli\u00f3 forintra becs\u00fclt karnev\u00e1li k\u00f6lts\u00e9gek egynegyed\u00e9t finansz\u00edrozz\u00e1k &#8211; r\u00f6videbb \u00e9s kultur\u00e1lis k\u00edn\u00e1lat\u00e1ban szeg\u00e9nyebb lett volna a rendezv\u00e9ny.<\/p>\n\n\n\n<p class=\"wp-block-paragraph\">Horv\u00e1th Soma elmondta azt is: tavaly a Savaria T\u00f6rt\u00e9nelmi Karnev\u00e1lnak t\u00f6bb mint 120 ezer l\u00e1togat\u00f3ja volt, hasonl\u00f3 \u00e9rdekl\u0151d\u00e9sre sz\u00e1m\u00edtanak az id\u00e9n is.<\/p>\n\n\n\n<p class=\"wp-block-paragraph\">Gr\u00fcnwald Stef\u00e1nia, a Savaria Turizmus Nonprofit Kft. \u00fcgyvezet\u0151 igazgat\u00f3ja kiemelte: a j\u00f3l bev\u00e1lt, \u00e1lland\u00f3 helysz\u00ednek szinte mindegyike \u00fczemel majd: a T\u00f6rt\u00e9nelmi T\u00e9mapark, a Borok utc\u00e1ja, a S\u00f6rt\u00e9r, a M\u0171v\u00e9szetek Utc\u00e1ja, a F\u0151 t\u00e9ren a nagysz\u00ednpad \u00e9s az \u00d6reg v\u00e1ros v\u00e1s\u00e1ra, a Karnev\u00e1lsz\u00ednh\u00e1z \u00e9s Thalia Kertje, a Keleti udvar \u00e9s a Bajnokok tere is. Ezek mellett 15 kisebb helysz\u00edn is v\u00e1rja a l\u00e1togat\u00f3kat, mivel az id\u00e9n is sz\u00e1mos szervezet csatlakozik a karnev\u00e1li forgataghoz: a Savaria M\u00fazeum valamennyi tagint\u00e9zm\u00e9nye, a Zsid\u00f3 Hitk\u00f6zs\u00e9g, a Szombathelyi Egyh\u00e1zmegye, a k\u00f6nyvt\u00e1r, a lev\u00e9lt\u00e1r, Szult\u00e1nia \u00e9s t\u00f6bb mag\u00e1nesem\u00e9ny is.<\/p>\n\n\n\n<p class=\"wp-block-paragraph\">A programokat a karnev\u00e1li borverseny nyitja, a t\u00f6rt\u00e9nelmi programok centruma, a katonai \u00e9s civil hagyom\u00e1ny\u0151rz\u0151 csapatok t\u00e1borhelye minden \u00e9vben a T\u00f6rt\u00e9nelmi T\u00e9mapark, ahol a r\u00f3mai kor legion\u00e1riusainak \u00e9s gladi\u00e1torainak harcait \u00e9s mindennapjait \u00e9pp\u00fagy megismerhetik a T\u00e9maparkba l\u00e1togat\u00f3k, mint a lovas\u00edj\u00e1szatot, a k\u00f6z\u00e9pkori vit\u00e9zi virtust vagy a t\u00f6r\u00f6k h\u00e1bor\u00fak kor\u00e1t &#8211; mondta az igazgat\u00f3.<\/p>\n\n\n\n<p class=\"wp-block-paragraph\">A Ferences kert m\u00e1r cs\u00fct\u00f6rt\u00f6k\u00f6n megkezdi programjait a T\u00fczes J\u00e1t\u00e9kkal, amely ez\u00fattal a A t\u0171z gyermekei alc\u00edmet kapta. Az idei nyit\u00f3attrakci\u00f3ban a megszokott t\u0171zij\u00e1t\u00e9k helyett v\u00edzre \u00e9s f\u00e9nyre \u00e9p\u00fcl\u0151, k\u00fcl\u00f6nleges l\u00e1tv\u00e1nyelemek eg\u00e9sz\u00edtik ki a t\u0171zt\u00e1ncosok \u00e9s artist\u00e1k m\u0171sor\u00e1t &#8211; sorolta Gr\u00fcnwald Stef\u00e1nia.<\/p>\n\n\n\n<p class=\"wp-block-paragraph\">A kert programjait id\u00e9n r\u00f3mai kori divatbemutat\u00f3, katonai viselet- \u00e9s fegyverbemutat\u00f3, valamint egy \u00f3kori labdaj\u00e1t\u00e9k, a harpastum feleleven\u00edt\u00e9se is sz\u00ednes\u00edti &#8211; f\u0171zte hozz\u00e1.<\/p>\n\n\n\n<p class=\"wp-block-paragraph\">Visszat\u00e9r Kassai Lajos lovas\u00edj\u00e1sz \u00e9s a Collegium Gladiatorium Kultur\u00e1lis Hagyom\u00e1ny\u0151rz\u0151 Egyes\u00fclete, a k\u00e9zm\u0171ves udvarban kov\u00e1cs, a bronz\u00f6nt\u0151, f\u00fcvesasszony \u00e9s sok m\u00e1s izgalmas szerepl\u0151 v\u00e1rja az \u00e9rdekl\u0151d\u0151ket.<\/p>\n\n\n\n<p class=\"wp-block-paragraph\">A jelmezes, f\u00e1kly\u00e1s felvonul\u00e1st \u2013 mely a karnev\u00e1li rendezv\u00e9ny egyik legl\u00e1tv\u00e1nyosabb eleme \u2013 p\u00e9nteken \u00e9s szombaton este tartj\u00e1k t\u00f6bb sz\u00e1z r\u00e9sztvev\u0151vel.<\/p>\n\n\n\n<p class=\"wp-block-paragraph\">A F\u0151 t\u00e9ren a nyit\u00f3koncertet hagyom\u00e1nyosan a Savaria Szimfonikus Zenekar adja, m\u00e1snapt\u00f3l v\u00e1ltozatos koncertprogram v\u00e1rja a zenekedvel\u0151ket. A nagysz\u00ednpadon olyan egy\u00fcttesek l\u00e9pnek fel, mint a A Grund &#8211; v\u00edgsz\u00ednh\u00e1zi fi\u00fazenekar, a Besh o droM, az Isis Big Band, P\u00e9terfy Bori, valamint az Analog Balaton \u00e9s a Duckshell is.<\/p>\n\n\n\n<p class=\"wp-block-paragraph\">Augusztus 14. \u00e9s 23. k\u00f6z\u00f6tt 8 alkalommal mutatja be a We\u00f6res S\u00e1ndor Sz\u00ednh\u00e1z a Carlo Goldoni m\u0171v\u00e9t, a Chioggiai kalamajk\u00e1t a v\u00e1rmegyeh\u00e1za udvar\u00e1n &#8211; hangzott el a sajt\u00f3t\u00e1j\u00e9koztat\u00f3n.<\/p>\n\n\n\n<p class=\"wp-block-paragraph\"><strong>2025. j\u00fanius 26.<\/strong><\/p>\n\n\n\n<p class=\"wp-block-paragraph\"><strong><em>(MTI)<\/em><\/strong><\/p>\n","protected":false},"excerpt":{"rendered":"<p>Az anyagi neh\u00e9zs\u00e9gek ellen\u00e9re is n\u00e9gynapos lesz az idei XXIV. Savaria T\u00f6rt\u00e9nelmi Karnev\u00e1l Szombathelyen, amelyet augusztus 21-24. k\u00f6z\u00f6tt rendeznek meg &#8211; jelentette be h\u00e9tf\u0151n a &#8230; <\/p>\n<p class=\"read-more-container\"><a title=\"Kisebb k\u00f6lts\u00e9gvet\u00e9ssel rendezik meg a Savaria T\u00f6rt\u00e9nelmi Karnev\u00e1lt Szombathelyen\" class=\"read-more button\" href=\"https:\/\/kulturmania.hu\/index.php\/2025\/06\/24\/kisebb-koltsegvetessel-rendezik-meg-a-savaria-tortenelmi-karnevalt-szombathelyen\/#more-3333\" aria-label=\"Tov\u00e1bb Kisebb k\u00f6lts\u00e9gvet\u00e9ssel rendezik meg a Savaria T\u00f6rt\u00e9nelmi Karnev\u00e1lt Szombathelyen\">Olvass tov\u00e1bb<\/a><\/p>\n","protected":false},"author":4,"featured_media":3336,"comment_status":"closed","ping_status":"","sticky":false,"template":"","format":"standard","meta":{"footnotes":""},"categories":[4],"tags":[137,65,117,82,236,225],"class_list":["post-3333","post","type-post","status-publish","format-standard","has-post-thumbnail","hentry","category-kultura","tag-esemeny","tag-fesztival","tag-hagyomany","tag-program","tag-szombathely","tag-tortenelem","resize-featured-image"],"distributor_meta":false,"distributor_terms":false,"distributor_media":false,"distributor_original_site_name":"PestCentrum","distributor_original_site_url":"https:\/\/pestcentrum.hu","push-errors":false,"_links":{"self":[{"href":"https:\/\/kulturmania.hu\/index.php\/wp-json\/wp\/v2\/posts\/3333","targetHints":{"allow":["GET"]}}],"collection":[{"href":"https:\/\/kulturmania.hu\/index.php\/wp-json\/wp\/v2\/posts"}],"about":[{"href":"https:\/\/kulturmania.hu\/index.php\/wp-json\/wp\/v2\/types\/post"}],"author":[{"embeddable":true,"href":"https:\/\/kulturmania.hu\/index.php\/wp-json\/wp\/v2\/users\/4"}],"replies":[{"embeddable":true,"href":"https:\/\/kulturmania.hu\/index.php\/wp-json\/wp\/v2\/comments?post=3333"}],"version-history":[{"count":1,"href":"https:\/\/kulturmania.hu\/index.php\/wp-json\/wp\/v2\/posts\/3333\/revisions"}],"predecessor-version":[{"id":3335,"href":"https:\/\/kulturmania.hu\/index.php\/wp-json\/wp\/v2\/posts\/3333\/revisions\/3335"}],"wp:featuredmedia":[{"embeddable":true,"href":"https:\/\/kulturmania.hu\/index.php\/wp-json\/wp\/v2\/media\/3336"}],"wp:attachment":[{"href":"https:\/\/kulturmania.hu\/index.php\/wp-json\/wp\/v2\/media?parent=3333"}],"wp:term":[{"taxonomy":"category","embeddable":true,"href":"https:\/\/kulturmania.hu\/index.php\/wp-json\/wp\/v2\/categories?post=3333"},{"taxonomy":"post_tag","embeddable":true,"href":"https:\/\/kulturmania.hu\/index.php\/wp-json\/wp\/v2\/tags?post=3333"}],"curies":[{"name":"wp","href":"https:\/\/api.w.org\/{rel}","templated":true}]}}