{"id":3397,"date":"2026-08-04T12:56:51","date_gmt":"2026-08-04T10:56:51","guid":{"rendered":"https:\/\/kulturmania.hu\/index.php\/2026\/08\/04\/augusztus-vegeig-latogathato-a-dolce-vita-kiallitas-a-magyar-nemzeti-galeriaban\/"},"modified":"2026-08-04T12:56:51","modified_gmt":"2026-08-04T10:56:51","slug":"augusztus-vegeig-latogathato-a-dolce-vita-kiallitas-a-magyar-nemzeti-galeriaban","status":"publish","type":"post","link":"https:\/\/kulturmania.hu\/index.php\/2026\/08\/04\/augusztus-vegeig-latogathato-a-dolce-vita-kiallitas-a-magyar-nemzeti-galeriaban\/","title":{"rendered":"Augusztus v\u00e9g\u00e9ig l\u00e1togathat\u00f3 a Dolce vita ki\u00e1ll\u00edt\u00e1s a Magyar Nemzeti Gal\u00e9ri\u00e1ban"},"content":{"rendered":"\n<p class=\"wp-block-paragraph\"><strong>Augusztus 30-ig meghosszabb\u00edtotta a Dolce vita. It\u00e1lia \u00e9lm\u00e9nye k\u00e9t \u00e9vsz\u00e1zad magyar m\u0171v\u00e9szet\u00e9ben c\u00edm\u0171 ki\u00e1ll\u00edt\u00e1s nyitvatart\u00e1s\u00e1t a Magyar Nemzeti Gal\u00e9ria a nagy \u00e9rdekl\u0151d\u00e9sre val\u00f3 tekintettel.<\/strong><\/p>\n\n\n\n<figure class=\"wp-block-image size-full\"><img decoding=\"async\" src=\"https:\/\/pestcentrum.hu\/wp-content\/uploads\/2026\/08\/5483550700_865551a42a_b.jpg\" alt=\"\" class=\"wp-image-52426\"\/><\/figure>\n\n\n\n<p class=\"wp-block-paragraph\">Az eddig t\u00f6bb mint 50 000 l\u00e1togat\u00f3t vonz\u00f3 t\u00e1rlat a 19. sz\u00e1zadt\u00f3l a kort\u00e1rs m\u0171v\u00e9szetig \u00edvel\u0151 v\u00e1logat\u00e1ssal mutatja be, hogy It\u00e1lia a magyar kult\u00far\u00e1ban \u00e9vsz\u00e1zadok \u00f3ta az utaz\u00f3k kedvelt \u00fati c\u00e9lja, a m\u0171v\u00e9szek sz\u00e1m\u00e1ra pedig kimer\u00edthetetlen inspir\u00e1ci\u00f3s forr\u00e1s &#8211; \u00edrja keddi k\u00f6zlem\u00e9ny\u00e9ben a m\u00fazeum.<\/p>\n\n\n\n<p class=\"wp-block-paragraph\">A ki\u00e1ll\u00edt\u00e1son 75 alkot\u00f3 mintegy 150 m\u0171t\u00e1rgya, festm\u00e9nyek, grafik\u00e1k, fotogr\u00e1fi\u00e1k, szobrok \u00e9s r\u00e9g\u00e9szeti eml\u00e9kek id\u00e9zik meg az It\u00e1lia-\u00e9lm\u00e9ny soksz\u00edn\u0171s\u00e9g\u00e9t, bemutatva, mik\u00e9nt form\u00e1lta az olasz t\u00e1j, m\u0171v\u00e9szet \u00e9s \u00e9let\u00e9rz\u00e9s a magyar alkot\u00f3k l\u00e1t\u00e1sm\u00f3dj\u00e1t az elm\u00falt k\u00e9tsz\u00e1z \u00e9v sor\u00e1n.<\/p>\n\n\n\n<p class=\"wp-block-paragraph\">A t\u00e1rlathoz kapcsol\u00f3d\u00f3 k\u00eds\u00e9r\u0151programok k\u00f6z\u00f6tt tematikus t\u00e1rlatvezet\u00e9sek, csal\u00e1di \u00e9s gyermekprogramok, valamint irodalmi ihlet\u00e9s\u0171 alkalmak is szerepelnek, p\u00e9ld\u00e1ul augusztus 19-\u00e9n a Szerb Antal nyom\u00e1ban c\u00edm\u0171 t\u00e1rlatvezet\u00e9s Urb\u00e1n D\u00e1niellel.<\/p>\n\n\n\n<p class=\"wp-block-paragraph\">Augusztus 11-\u00e9n \u00e9s 13-\u00e1n a 6\u20139 \u00e9v k\u00f6z\u00f6tti gyermekeket \u00e9s sz\u00fcleiket v\u00e1rja az Olasz mes\u00e9k c\u00edm\u0171 csal\u00e1di t\u00e1rlatvezet\u00e9s, amely j\u00e1t\u00e9kos form\u00e1ban kalauzolja v\u00e9gig a r\u00e9sztvev\u0151ket a ki\u00e1ll\u00edt\u00e1s m\u0171alkot\u00e1sain.<\/p>\n\n\n\n<p class=\"wp-block-paragraph\">Augusztus 25-\u00e9n Juh\u00e1sz Anna irodalm\u00e1r It\u00e1lia megh\u00f3d\u00edt\u00e1sa c\u00edm\u0171 szubjekt\u00edv t\u00e1rlatvezet\u00e9s\u00e9n irodalmi \u00e9s k\u00e9pz\u0151m\u0171v\u00e9szeti utaz\u00e1sra invit\u00e1lja a k\u00f6z\u00f6ns\u00e9get, augusztus 26-\u00e1n Pr\u00e1gai Adrienn m\u0171v\u00e9szett\u00f6rt\u00e9n\u00e9sz kur\u00e1tori t\u00e1rlatvezet\u00e9s\u00e9n a magyar m\u0171v\u00e9szek It\u00e1lia-k\u00e9p\u00e9nek v\u00e1ltozatos r\u00e9tegei t\u00e1rulnak fel, m\u00edg augusztus 27-\u00e9n Winkler N\u00f3ra m\u0171v\u00e9szeti menedzser \u00e9s Topor T\u00fcnde m\u0171v\u00e9szett\u00f6rt\u00e9n\u00e9sz k\u00f6z\u00f6s t\u00e1rlatvezet\u00e9se id\u00e9zi meg az it\u00e1liai \u00e9let\u00e9rz\u00e9s m\u0171v\u00e9szeti \u00e9s kultur\u00e1lis vonatkoz\u00e1sait.<\/p>\n\n\n\n<p class=\"wp-block-paragraph\">Szint\u00e9n augusztus 30-ig l\u00e1togathat\u00f3 A v\u00e1gyott remekm\u0171. Gruber B\u00e9la (1936\u20131963) m\u0171v\u00e9szete c\u00edm\u0171 ki\u00e1ll\u00edt\u00e1s. A t\u00e1rlat a 27 \u00e9vesen elhunyt fest\u0151m\u0171v\u00e9sz \u00e9letm\u0171v\u00e9t mutatja be. A hatvanas \u00e9vek egyik legnagyobb tehets\u00e9g\u00e9nek tartott m\u0171v\u00e9sz alig n\u00e9h\u00e1ny \u00e9v alatt t\u00f6bb mint ezer m\u0171vet hozott l\u00e9tre, egyedi fest\u0151i nyelv\u00e9vel \u00e9s \u00faj\u00edt\u00f3 technik\u00e1j\u00e1val pedig nagy hat\u00e1st gyakorolt kort\u00e1rsaira. A ki\u00e1ll\u00edt\u00e1s \u00f6t tematikus egys\u00e9gben mutatja be Gruber \u00e9letm\u0171v\u00e9t, k\u00f6z\u00e9ppontj\u00e1ban a monument\u00e1lis Fest\u0151m\u0171terem c\u00edm\u0171 diplomamunk\u00e1val, amely \u00f6sszegzi a m\u0171v\u00e9sz fest\u00e9szeti t\u00f6rekv\u00e9seit, \u00e9s minden olyan mot\u00edvum megjelenik rajta, amely p\u00e1ly\u00e1j\u00e1t jellemezte.<\/p>\n\n\n\n<p class=\"wp-block-paragraph\"><strong>2026. augusztus 4.<\/strong><\/p>\n\n\n\n<p class=\"wp-block-paragraph\"><strong><em>(MTI)<\/em><\/strong><\/p>\n","protected":false},"excerpt":{"rendered":"<p>Augusztus 30-ig meghosszabb\u00edtotta a Dolce vita. It\u00e1lia \u00e9lm\u00e9nye k\u00e9t \u00e9vsz\u00e1zad magyar m\u0171v\u00e9szet\u00e9ben c\u00edm\u0171 ki\u00e1ll\u00edt\u00e1s nyitvatart\u00e1s\u00e1t a Magyar Nemzeti Gal\u00e9ria a nagy \u00e9rdekl\u0151d\u00e9sre val\u00f3 tekintettel. Az &#8230; <\/p>\n<p class=\"read-more-container\"><a title=\"Augusztus v\u00e9g\u00e9ig l\u00e1togathat\u00f3 a Dolce vita ki\u00e1ll\u00edt\u00e1s a Magyar Nemzeti Gal\u00e9ri\u00e1ban\" class=\"read-more button\" href=\"https:\/\/kulturmania.hu\/index.php\/2026\/08\/04\/augusztus-vegeig-latogathato-a-dolce-vita-kiallitas-a-magyar-nemzeti-galeriaban\/#more-3397\" aria-label=\"Tov\u00e1bb Augusztus v\u00e9g\u00e9ig l\u00e1togathat\u00f3 a Dolce vita ki\u00e1ll\u00edt\u00e1s a Magyar Nemzeti Gal\u00e9ri\u00e1ban\">Olvass tov\u00e1bb<\/a><\/p>\n","protected":false},"author":4,"featured_media":3398,"comment_status":"","ping_status":"","sticky":false,"template":"","format":"standard","meta":{"footnotes":""},"categories":[4],"tags":[109,61,98,271],"class_list":["post-3397","post","type-post","status-publish","format-standard","has-post-thumbnail","hentry","category-kultura","tag-bemutato","tag-kiallitas","tag-muveszet","tag-olaszorszag","resize-featured-image"],"distributor_meta":false,"distributor_terms":false,"distributor_media":false,"distributor_original_site_name":"PestCentrum","distributor_original_site_url":"https:\/\/pestcentrum.hu","push-errors":false,"_links":{"self":[{"href":"https:\/\/kulturmania.hu\/index.php\/wp-json\/wp\/v2\/posts\/3397","targetHints":{"allow":["GET"]}}],"collection":[{"href":"https:\/\/kulturmania.hu\/index.php\/wp-json\/wp\/v2\/posts"}],"about":[{"href":"https:\/\/kulturmania.hu\/index.php\/wp-json\/wp\/v2\/types\/post"}],"author":[{"embeddable":true,"href":"https:\/\/kulturmania.hu\/index.php\/wp-json\/wp\/v2\/users\/4"}],"replies":[{"embeddable":true,"href":"https:\/\/kulturmania.hu\/index.php\/wp-json\/wp\/v2\/comments?post=3397"}],"version-history":[{"count":0,"href":"https:\/\/kulturmania.hu\/index.php\/wp-json\/wp\/v2\/posts\/3397\/revisions"}],"wp:featuredmedia":[{"embeddable":true,"href":"https:\/\/kulturmania.hu\/index.php\/wp-json\/wp\/v2\/media\/3398"}],"wp:attachment":[{"href":"https:\/\/kulturmania.hu\/index.php\/wp-json\/wp\/v2\/media?parent=3397"}],"wp:term":[{"taxonomy":"category","embeddable":true,"href":"https:\/\/kulturmania.hu\/index.php\/wp-json\/wp\/v2\/categories?post=3397"},{"taxonomy":"post_tag","embeddable":true,"href":"https:\/\/kulturmania.hu\/index.php\/wp-json\/wp\/v2\/tags?post=3397"}],"curies":[{"name":"wp","href":"https:\/\/api.w.org\/{rel}","templated":true}]}}